{"id":4734,"date":"2021-06-03T09:50:43","date_gmt":"2021-06-03T09:50:43","guid":{"rendered":"https:\/\/werhere.nl\/tr\/?p=4734"},"modified":"2021-11-11T11:10:03","modified_gmt":"2021-11-11T11:10:03","slug":"ise-yerlesen-uyemizi-tebrik-ediyoruz","status":"publish","type":"post","link":"https:\/\/werhere.nl\/tr\/faaliyetlerimiz\/ise-yerlesen-uyemizi-tebrik-ediyoruz\/","title":{"rendered":"\u0130\u015fe yerle\u015fen \u00fcyemizi tebrik ediyoruz!"},"content":{"rendered":"<p>Merhabalar,<\/p>\n<p>Bir ka\u00e7 ayd\u0131r i\u015fe y\u00f6nlendirme konusundaki duyurular\u0131m\u0131zla kars\u0131la\u015f\u0131yorsunuz. Werhere organizasyonu olarak yakla\u015f\u0131k 20 ki\u015filik g\u00f6n\u00fcll\u00fc ekibimizle sizler i\u00e7in \u00e7al\u0131\u015f\u0131yoruz. Hollanda\u2019ya gerek yeni gelenler gerekse de surecin ba\u015f\u0131ndan bu yana olanlar i\u00e7in her a\u015famada faaliyetlerimiz t\u00fcm h\u0131z\u0131yla s\u00fcr\u00fcyor. \u0130htiya\u00e7lar\u0131m\u0131zdan bir tanesi de i\u015fe y\u00f6nlendirme. Bu konuda Hollanda k\u00f6kenli bir \u015firket ile i\u015fe y\u00f6nlendirme konusunda anla\u015fma imzalad\u0131k. \u00c7\u00f6z\u00fcm orta\u011f\u0131m\u0131z bir sociaal Uitzendbureau\u2019dur. Ve \u00e7al\u0131\u015fmalar art\u0131k meyvelerini vermeye ba\u015flam\u0131\u015ft\u0131r.<\/p>\n<p>M\u00fchendis k\u00f6kenli bir \u00fcyemiz uitzendbureau arac\u0131l\u0131\u011f\u0131 ile bir devlet dairesinden m\u00fchendis olarak kabul alm\u0131\u015ft\u0131r. Ayr\u0131ca hali haz\u0131rda i\u015f g\u00f6r\u00fc\u015fmeleri devam eden \u00fcyelerimizde bulunmaktad\u0131r. \u0130\u015fe yerle\u015fen m\u00fchendis \u00fcyemizi tebrik eder, ba\u015far\u0131lar\u0131n\u0131n devam\u0131n\u0131 dileriz. Sureci devam edenlere de ba\u015far\u0131lar diliyoruz.<\/p>\n<p>Sayg\u0131lar\u0131m\u0131zla,<\/p>\n","protected":false},"excerpt":{"rendered":"Merhabalar, Bir ka\u00e7 ayd\u0131r i\u015fe y\u00f6nlendirme konusundaki duyurular\u0131m\u0131zla kars\u0131la\u015f\u0131yorsunuz. Werhere organizasyonu olarak yakla\u015f\u0131k 20 ki\u015filik g\u00f6n\u00fcll\u00fc ekibimizle sizler i\u00e7in \u00e7al\u0131\u015f\u0131yoruz. Hollanda\u2019ya gerek yeni gelenler gerekse de surecin ba\u015f\u0131ndan bu yana olanlar i\u00e7in her a\u015famada faaliyetlerimiz t\u00fcm h\u0131z\u0131yla s\u00fcr\u00fcyor. \u0130htiya\u00e7lar\u0131m\u0131zdan bir tanesi de i\u015fe y\u00f6nlendirme. Bu konuda Hollanda k\u00f6kenli bir \u015firket ile i\u015fe y\u00f6nlendirme konusunda anla\u015fma&#8230;","protected":false},"author":1,"featured_media":0,"comment_status":"closed","ping_status":"closed","sticky":false,"template":"","format":"standard","meta":{"_seopress_robots_primary_cat":""},"categories":[1],"tags":[],"_links":{"self":[{"href":"https:\/\/werhere.nl\/tr\/wp-json\/wp\/v2\/posts\/4734"}],"collection":[{"href":"https:\/\/werhere.nl\/tr\/wp-json\/wp\/v2\/posts"}],"about":[{"href":"https:\/\/werhere.nl\/tr\/wp-json\/wp\/v2\/types\/post"}],"author":[{"embeddable":true,"href":"https:\/\/werhere.nl\/tr\/wp-json\/wp\/v2\/users\/1"}],"replies":[{"embeddable":true,"href":"https:\/\/werhere.nl\/tr\/wp-json\/wp\/v2\/comments?post=4734"}],"version-history":[{"count":1,"href":"https:\/\/werhere.nl\/tr\/wp-json\/wp\/v2\/posts\/4734\/revisions"}],"predecessor-version":[{"id":4735,"href":"https:\/\/werhere.nl\/tr\/wp-json\/wp\/v2\/posts\/4734\/revisions\/4735"}],"wp:attachment":[{"href":"https:\/\/werhere.nl\/tr\/wp-json\/wp\/v2\/media?parent=4734"}],"wp:term":[{"taxonomy":"category","embeddable":true,"href":"https:\/\/werhere.nl\/tr\/wp-json\/wp\/v2\/categories?post=4734"},{"taxonomy":"post_tag","embeddable":true,"href":"https:\/\/werhere.nl\/tr\/wp-json\/wp\/v2\/tags?post=4734"}],"curies":[{"name":"wp","href":"https:\/\/api.w.org\/{rel}","templated":true}]}}